{"id":25395,"date":"2022-10-13T20:19:04","date_gmt":"2022-10-13T20:19:04","guid":{"rendered":"https:\/\/harus.ind.br\/?p=25395"},"modified":"2022-10-13T20:19:04","modified_gmt":"2022-10-13T20:19:04","slug":"turismo-religioso-conheca-6-destinos-no-brasil","status":"publish","type":"post","link":"https:\/\/harus.ind.br\/en\/turismo-religioso-conheca-6-destinos-no-brasil\/","title":{"rendered":"Religious tourism: discover 6 destinations in Brazil"},"content":{"rendered":"<p>No m\u00eas de outubro, milhares de brasileiros deixam suas cidades para participar de duas celebra\u00e7\u00f5es religiosas no pa\u00eds. A primeira, o feriado de Nossa Senhora Aparecida, padroeira do Brasil, acontece no dia 12. A data leva milh\u00f5es de pessoas \u00e0 cidade de Aparecida (SP) para celebrar a santa ou pagar promessas. J\u00e1 no Norte do pa\u00eds, em Bel\u00e9m (PA), o C\u00edrio de Nazar\u00e9 re\u00fane mais de dois milh\u00f5es de fi\u00e9is na prociss\u00e3o em devo\u00e7\u00e3o \u00e0 Nossa Senhora de Nazar\u00e9.<\/p>\n<p>Os n\u00fameros ajudam a dar a dimens\u00e3o do turismo religioso no pa\u00eds, que motiva em m\u00e9dia 17,7 milh\u00f5es de viagens anuais em territ\u00f3rio nacional \u2013 movimentando cerca de R$ 15 bilh\u00f5es, segundo o Departamento de Estudos e Pesquisas do Minist\u00e9rio do Turismo. E n\u00e3o \u00e9 para menos: de acordo com pesquisa do Datafolha, feita em 2020, apenas 10% da popula\u00e7\u00e3o afirma n\u00e3o ter uma religi\u00e3o, segundo pesquisa do Datafolha de 2020.<br \/>\nSeja para pagar promessas, descobrir novas cren\u00e7as ou conhecer os principais s\u00edmbolos da pr\u00f3pria religi\u00e3o, destinos interessantes n\u00e3o faltam! Separamos seis deles para quem deseja exercer sua f\u00e9 ou conhecer novas religi\u00f5es. Confira:<\/p>\n<p><strong>1- Aparecida (SP)<\/strong><br \/>\nA cidade de Aparecida, no Vale do Para\u00edba, em S\u00e3o Paulo, abriga o Santu\u00e1rio Nacional de Nossa Senhora Aparecida, o maior templo cat\u00f3lico do pa\u00eds e o maior dedicado \u00e0 Maria em todo o mundo. A prefeitura estima que mais de 2 milh\u00f5es de pessoas passem pelo munic\u00edpio em outubro por causa das celebra\u00e7\u00f5es. Entre eles, 150 mil devem visitar o santu\u00e1rio apenas no dia 12.<br \/>\nSegundo a hist\u00f3ria, em 1717, um grupo de pescadores recebeu a miss\u00e3o de pescar, no Rio Para\u00edba, para o banquete que seria oferecido ao governador da \u00e9poca. Ap\u00f3s v\u00e1rias tentativas, por\u00e9m, n\u00e3o tiveram sucesso. At\u00e9 que a rede trouxe uma imagem de Nossa Senhora da Concei\u00e7\u00e3o. Em seguida, eles lan\u00e7aram a rede novamente e foram surpreendidos pela abund\u00e2ncia de peixes.<br \/>\nDesde ent\u00e3o, a devo\u00e7\u00e3o \u00e0 Nossa Senhora Aparecida s\u00f3 cresceu em todo o pa\u00eds. Todos os anos, milhares de fi\u00e9is fazem a peregrina\u00e7\u00e3o \u2013 caminhando, a cavalo, de bicicleta, de carro e at\u00e9 mesmo de joelhos \u2013 at\u00e9 o santu\u00e1rio. S\u00f3 em outubro deste ano, 60 mil romeiros devem passar, \u00e0 p\u00e9, pela Presidente Dutra, principal rodovia de acesso \u00e0 cidade, de acordo com a Pol\u00edcia Rodovi\u00e1ria Policial.<br \/>\nO complexo do Santu\u00e1rio Nacional inclui bas\u00edlica, mirante e museu dedicados \u00e0 padroeira. \u00c9 l\u00e1 que a imagem original da santa fica exposta ao p\u00fablico, e h\u00e1 tamb\u00e9m espa\u00e7o para quem deseja pagar promessas. A cidade ainda re\u00fane diversas atra\u00e7\u00f5es tur\u00edsticas para os devotos, tais como a Bas\u00edlica Velha, o Porto Itagua\u00e7u, a est\u00e1tua de Nossa Senhora Aparecida, a Torre Mirante e o telef\u00e9rico, que liga o santu\u00e1rio ao Morro do Cruzeiro.<\/p>\n<p><strong>2- Cotia (SP)<\/strong><br \/>\nDesde 2003, um dos principais atrativos de Cotia, na Grande S\u00e3o Paulo, \u00e9 o templo budista Zu Lai. Trata-se de um espa\u00e7o com mais de 10 mil metros quadrados dedicados \u00e0 Fo Guang Shan, ordem fundada em Taiwan que possui mais de 200 templos em todo o mundo. \u00c9 o primeiro templo do monast\u00e9rio na Am\u00e9rica Latina e tem capacidade para mil pessoas. O projeto foi inspirado no estilo arquitet\u00f4nico oriental dos pal\u00e1cios da Dinastia Tang.<\/p>\n<p>Al\u00e9m do templo principal, onde o destaque \u00e9 uma est\u00e1tua de Buda de jade, h\u00e1 salas de medita\u00e7\u00e3o, uma biblioteca e um audit\u00f3rio. O local tamb\u00e9m abriga a Universidade Budista do Brasil e, atualmente, dez monges vivem nas instala\u00e7\u00f5es. Os visitantes podem acompanhar as cerim\u00f4nias recitadas pelos monges, meditar e explorar o local, cujas atra\u00e7\u00f5es incluem lagos, parquinho para crian\u00e7as e um exuberante jardim.<\/p>\n<p>O Zu Lai fica no espa\u00e7o do s\u00edtio da fam\u00edlia Chang, que doou o espa\u00e7o para a constru\u00e7\u00e3o. As cerim\u00f4nias seguem os preceitos do budismo humanista e s\u00e3o baseadas em quatro pilares \u2013 cultural, educacional, a\u00e7\u00f5es sociais e pr\u00e1ticas religiosas. O objetivo \u00e9 integrar diversas tradi\u00e7\u00f5es budistas presentes no Brasil, em atividades conjuntas com outros templos, a exemplo da comemora\u00e7\u00e3o do Vesak, data que marca a ilumina\u00e7\u00e3o e a morte de Buda.<\/p>\n<p><strong>3- Nova Trento (SC)<\/strong><br \/>\nEm Santa Catarina, Nova Trento tamb\u00e9m foi rec\u00e9m-adicionada ao roteiro religioso dos brasileiros. Isso porque, em 2005, foi inaugurado o Santu\u00e1rio de Madre Paulina, primeira santa brasileira. O templo tem uma arquitetura moderna, com capacidade para seis mil fi\u00e9is. O complexo tamb\u00e9m conta com outras 30 atra\u00e7\u00f5es, entre elas, as capelas do Sant\u00edssimo, Penitencial e Santa Paulina.<\/p>\n<p>A cidade abriga o santu\u00e1rio porque foi l\u00e1 que viveu Amabile L\u00facia Visinteiner, italiana que se mudou para o Brasil em 1875 e teve dois milagres reconhecidos pela Igreja Cat\u00f3lica. O primeiro foi a cura instant\u00e2nea de uma mulher, em Imbituba (SC), ap\u00f3s complica\u00e7\u00f5es decorrentes da perda de um beb\u00ea no s\u00e9timo m\u00eas de gravidez. O segundo, em Rio Branco (AC), quando uma menina com hidrocefalia foi curada.<\/p>\n<p>O reconhecimento dos dois milagres fez com que Amabile, que em vida fundou a Congrega\u00e7\u00e3o das Irm\u00e3zinhas da Imaculada Concei\u00e7\u00e3o, em Nova Trento, junto com as irm\u00e3s, fosse canonizada pelo Papa Jo\u00e3o Paulo II e se tornasse Santa Madre Paulina. O nome foi recebido por Am\u00e1bile depois que ela fez os votos religiosos na Congrega\u00e7\u00e3o, em 1890, e o \u201cmadre\u201d ap\u00f3s ser eleita Superiora Geral da entidade que ajudou a criar.<\/p>\n<p>O munic\u00edpio, localizado no Vale Europeu, re\u00fane outras atividades tur\u00edsticas, sobretudo voltadas ao ecoturismo. A cidade \u00e9 cercada por montanhas, natureza e cachoeiras, sendo um prato cheio para os turistas que gostam de trilhas. Estabelecimentos para venda e degusta\u00e7\u00e3o de vinhos, queijos, salames e outros produtos artesanais tamb\u00e9m s\u00e3o um atrativo de Nova Trento.<\/p>\n<p><strong>4- Juazeiro do Norte (CE)<\/strong><br \/>\nJuazeiro do Norte \u00e9 a maior cidade do interior do Cear\u00e1. A cidade \u00e9 considerada a capital da f\u00e9 e \u00e9 um dos mais tradicionais destinos religiosos do pa\u00eds. Ao longo do ano, recebe diversas celebra\u00e7\u00f5es, como romarias e missas, em homenagem ao Padre C\u00edcero. O l\u00edder cat\u00f3lico foi eternizado em uma est\u00e1tua de 25 metros, sendo a terceira maior em concreto do mundo.<\/p>\n<p>Padre C\u00edcero tem o t\u00edtulo de \u201csanto popular\u201d, pois n\u00e3o \u00e9 reconhecido pelo Vaticano. Isso porque, quando ele morreu em 1934, estava \u201crompido\u201d com a institui\u00e7\u00e3o em raz\u00e3o do epis\u00f3dio conhecido como Milagre da H\u00f3stia \u2013 em 1889, quando ele deu a comunh\u00e3o a uma beata e a h\u00f3stia se transformou em sangue. Embora os fi\u00e9is considerem o acontecimento um milagre, a Igreja Cat\u00f3lica avalia que essa \u00e9 uma interpreta\u00e7\u00e3o equivocada.<\/p>\n<p>S\u00f3 em 2015, ap\u00f3s pedido do bispo Dom Fernando Panico, o padre foi reconciliado com a Igreja Cat\u00f3lica. Em 2022, iniciou-se o processo de beatifica\u00e7\u00e3o \u2013 processo onde o sacerdote pode se tornar \u201cvener\u00e1vel\u201d e, caso um segundo milagre seja comprovado, canonizado. Mesmo assim, todos os anos, milhares de fi\u00e9is v\u00e3o \u00e0s ruas de Juazeiro do Norte celebrar e pedir b\u00ean\u00e7\u00e3os ao Padre C\u00edcero.<\/p>\n<p>Quem vai \u00e0 cidade tamb\u00e9m pode visitar o Museu Vivo, que retrata a casa onde o padre viveu, al\u00e9m das igrejas Matriz Nossa Senhora das Dores, centro de todas as atividades religiosas do munic\u00edpio, e a de S\u00e3o Francisco, que det\u00e9m um dos maiores conjuntos religiosos do norte e nordeste. A Capela do Perp\u00e9tuo Socorro, constru\u00edda pelo pr\u00f3prio Padre C\u00edcero, \u00e9 outra atra\u00e7\u00e3o, uma vez que abriga o piso do altar-mor \u2013 ou seja, o t\u00famulo do sacerdote milagroso.<\/p>\n<p><strong>5- Salvador (BA)<\/strong><br \/>\nSalvador, na Bahia, abriga diversos s\u00edmbolos de f\u00e9 com forte sincretismo. Isso porque as principais celebra\u00e7\u00f5es religiosas unem o catolicismo ao candombl\u00e9 e \u00e0 umbanda, religi\u00f5es muito presentes na cidade devido ao grande volume de escravos que ali desembarcavam no passado. Um dos principais exemplos \u00e9 a lavagem das escadarias da Igreja do Bonfim, que tem origem em tradi\u00e7\u00f5es de religi\u00f5es de matriz africana.<\/p>\n<p>A Festa de Iemanj\u00e1, em fevereiro, re\u00fane milhares de fi\u00e9is. A divindade africana, que \u00e9 considerada a Rainha dos Mares, tamb\u00e9m tem uma casa na capital baiana onde os fi\u00e9is podem depositar oferendas que, posteriormente, ser\u00e3o levadas ao mar. Durante todo o ano, mas principalmente no segundo m\u00eas, pescadores levam, em seus pr\u00f3prios barcos, religiosos e turistas para que eles possam deixar suas oferendas no mar.<\/p>\n<p>Do lado do catolicismo, a cren\u00e7a popular diz que o munic\u00edpio tem 365 igrejas, uma para cada dia do ano. Al\u00e9m da Igreja de Nosso Senhor do Bonfim \u2013 onde fi\u00e9is e turistas amarram fitas coloridas nos port\u00f5es pedindo a intercess\u00e3o do santo \u2013, merecem visita tamb\u00e9m a Igreja da Ordem Terceira do Carmo, a Igreja de Nossa Senhora do Ros\u00e1rio dos Pretos e o Convento de S\u00e3o Francisco.<\/p>\n<p><strong>6- Bel\u00e9m (PA)<\/strong><br \/>\nEmbora diversas cidades paraenses realizem festejos em homenagem \u00e0 Nossa Senhora de Nazar\u00e9, Bel\u00e9m \u00e9 a que concentra as principais atividades do C\u00edrio de Nazar\u00e9, um dos maiores eventos cat\u00f3licos do mundo. S\u00e3o 15 dias de celebra\u00e7\u00f5es, per\u00edodo chamado de quadra nazarena, que terminam no segundo domingo de outubro. S\u00f3 em 2022, a data reuniu mais de 2,5 milh\u00f5es de fi\u00e9is.<br \/>\nSegundo a hist\u00f3ria, no s\u00e9culo 18, o caboclo Pl\u00e1cido encontrou a imagem de Nossa Senhora de Nazar\u00e9 \u00e0s margens de um riacho. Ent\u00e3o, ele a levou para casa e a abrigou em um altar improvisado. No entanto, a imagem sumiu no dia seguinte e foi encontrada na beira do mesmo riacho. Ela foi levada novamente \u00e0 casa do caboclo, mas o feito se repetiu v\u00e1rias vezes at\u00e9 ele entender o desejo da santa e construir um altar \u00e0 beira do rio.<\/p>\n<p>A hist\u00f3ria se espalhou e as pessoas come\u00e7aram a ir ao riacho para pedir b\u00ean\u00e7\u00e3os e agradecer \u00e0 Nossa Senhora. No local, foi constru\u00edda uma igreja, que hoje \u00e9 a Bas\u00edlica de Nazar\u00e9. A tradi\u00e7\u00e3o do C\u00edrio, contudo, surgiu anos mais tarde, quando a imagem retornou de uma restaura\u00e7\u00e3o e os fi\u00e9is acompanharam sua chegada em prociss\u00e3o \u2013 considerada o primeiro C\u00edrio.<\/p>\n<p>As celebra\u00e7\u00f5es da quadra nazarena incluem romarias \u2013 a p\u00e9, de carro, de moto ou a cavalo \u2013, que terminam no segundo domingo de outubro com uma grande prociss\u00e3o. Na ocasi\u00e3o, a imagem peregrina \u00e9 levada, em prociss\u00e3o, da Catedral Metropolitana \u00e0 Bas\u00edlica de Nazar\u00e9. Desde 2015, a celebra\u00e7\u00e3o \u00e9 considerada um Patrim\u00f4nio Imaterial da Humanidade pela Unesco (Organiza\u00e7\u00e3o das Na\u00e7\u00f5es Unidas para a Educa\u00e7\u00e3o, Ci\u00eancia e Cultura).<\/p>\n<p>O percurso, de aproximadamente 4 km, pode levar horas devido ao volume de fi\u00e9is que acompanham e, principalmente, desejam tocar na corda que ajuda a levar a berlinda (orat\u00f3rio envidra\u00e7ado onde a imagem \u00e9 carregada), seja para agradecer ou pedir por uma interse\u00e7\u00e3o. A edi\u00e7\u00e3o mais longa aconteceu em 2004, quando a prociss\u00e3o durou 9 horas e 15 minutos.<\/p>","protected":false},"excerpt":{"rendered":"<p>No m\u00eas de outubro, milhares de brasileiros deixam suas cidades para participar de duas celebra\u00e7\u00f5es religiosas no pa\u00eds. A primeira, o feriado de Nossa Senhora Aparecida, padroeira do Brasil, acontece no dia 12. A data leva milh\u00f5es de pessoas \u00e0 cidade de Aparecida (SP) para celebrar a santa ou pagar promessas. J\u00e1 no Norte do [&hellip;]<\/p>\n","protected":false},"author":1,"featured_media":25396,"comment_status":"closed","ping_status":"open","sticky":false,"template":"","format":"standard","meta":{"site-sidebar-layout":"default","site-content-layout":"default","ast-site-content-layout":"default","site-content-style":"default","site-sidebar-style":"default","ast-global-header-display":"","ast-banner-title-visibility":"","ast-main-header-display":"","ast-hfb-above-header-display":"","ast-hfb-below-header-display":"","ast-hfb-mobile-header-display":"","site-post-title":"","ast-breadcrumbs-content":"","ast-featured-img":"","footer-sml-layout":"","ast-disable-related-posts":"","theme-transparent-header-meta":"default","adv-header-id-meta":"","stick-header-meta":"","header-above-stick-meta":"","header-main-stick-meta":"","header-below-stick-meta":"","astra-migrate-meta-layouts":"default","ast-page-background-enabled":"default","ast-page-background-meta":{"desktop":{"background-color":"","background-image":"","background-repeat":"repeat","background-position":"center center","background-size":"auto","background-attachment":"scroll","background-type":"","background-media":"","overlay-type":"","overlay-color":"","overlay-opacity":"","overlay-gradient":""},"tablet":{"background-color":"","background-image":"","background-repeat":"repeat","background-position":"center center","background-size":"auto","background-attachment":"scroll","background-type":"","background-media":"","overlay-type":"","overlay-color":"","overlay-opacity":"","overlay-gradient":""},"mobile":{"background-color":"","background-image":"","background-repeat":"repeat","background-position":"center center","background-size":"auto","background-attachment":"scroll","background-type":"","background-media":"","overlay-type":"","overlay-color":"","overlay-opacity":"","overlay-gradient":""}},"ast-content-background-meta":{"desktop":{"background-color":"var(--ast-global-color-5)","background-image":"","background-repeat":"repeat","background-position":"center center","background-size":"auto","background-attachment":"scroll","background-type":"","background-media":"","overlay-type":"","overlay-color":"","overlay-opacity":"","overlay-gradient":""},"tablet":{"background-color":"var(--ast-global-color-5)","background-image":"","background-repeat":"repeat","background-position":"center center","background-size":"auto","background-attachment":"scroll","background-type":"","background-media":"","overlay-type":"","overlay-color":"","overlay-opacity":"","overlay-gradient":""},"mobile":{"background-color":"var(--ast-global-color-5)","background-image":"","background-repeat":"repeat","background-position":"center center","background-size":"auto","background-attachment":"scroll","background-type":"","background-media":"","overlay-type":"","overlay-color":"","overlay-opacity":"","overlay-gradient":""}},"_joinchat":[],"footnotes":""},"categories":[1],"tags":[],"class_list":["post-25395","post","type-post","status-publish","format-standard","has-post-thumbnail","hentry","category-artigos"],"_links":{"self":[{"href":"https:\/\/harus.ind.br\/en\/wp-json\/wp\/v2\/posts\/25395","targetHints":{"allow":["GET"]}}],"collection":[{"href":"https:\/\/harus.ind.br\/en\/wp-json\/wp\/v2\/posts"}],"about":[{"href":"https:\/\/harus.ind.br\/en\/wp-json\/wp\/v2\/types\/post"}],"author":[{"embeddable":true,"href":"https:\/\/harus.ind.br\/en\/wp-json\/wp\/v2\/users\/1"}],"replies":[{"embeddable":true,"href":"https:\/\/harus.ind.br\/en\/wp-json\/wp\/v2\/comments?post=25395"}],"version-history":[{"count":0,"href":"https:\/\/harus.ind.br\/en\/wp-json\/wp\/v2\/posts\/25395\/revisions"}],"wp:featuredmedia":[{"embeddable":true,"href":"https:\/\/harus.ind.br\/en\/wp-json\/wp\/v2\/media\/25396"}],"wp:attachment":[{"href":"https:\/\/harus.ind.br\/en\/wp-json\/wp\/v2\/media?parent=25395"}],"wp:term":[{"taxonomy":"category","embeddable":true,"href":"https:\/\/harus.ind.br\/en\/wp-json\/wp\/v2\/categories?post=25395"},{"taxonomy":"post_tag","embeddable":true,"href":"https:\/\/harus.ind.br\/en\/wp-json\/wp\/v2\/tags?post=25395"}],"curies":[{"name":"wp","href":"https:\/\/api.w.org\/{rel}","templated":true}]}}