{"id":31557,"date":"2025-09-15T08:00:03","date_gmt":"2025-09-15T08:00:03","guid":{"rendered":"https:\/\/harus.ind.br\/?p=31557"},"modified":"2025-09-09T12:17:49","modified_gmt":"2025-09-09T12:17:49","slug":"harus-chega-a-equipotel-com-linhas-proprias-reformuladas-e-novidades-em-materias-primas","status":"publish","type":"post","link":"https:\/\/harus.ind.br\/en\/harus-chega-a-equipotel-com-linhas-proprias-reformuladas-e-novidades-em-materias-primas\/","title":{"rendered":"Harus chega \u00e0 Equipotel com linhas pr\u00f3prias reformuladas e novidades em mat\u00e9rias-primas"},"content":{"rendered":"<p style=\"text-align: center;\"><em>Lan\u00e7amentos priorizam sustentabilidade e ingredientes brasileiros, acompanhando as tend\u00eancias globais; estande ter\u00e1 um audit\u00f3rio de conte\u00fados pela primeira vez<\/em><\/p>\n<p><img fetchpriority=\"high\" decoding=\"async\" class=\"aligncenter wp-image-31560 size-full\" src=\"https:\/\/harus.ind.br\/wp-content\/uploads\/2025\/09\/Harus.png\" alt=\"\" width=\"512\" height=\"366\" srcset=\"https:\/\/harus.ind.br\/wp-content\/uploads\/2025\/09\/Harus.png 512w, https:\/\/harus.ind.br\/wp-content\/uploads\/2025\/09\/Harus-300x214.png 300w, https:\/\/harus.ind.br\/wp-content\/uploads\/2025\/09\/Harus-18x12.png 18w, https:\/\/harus.ind.br\/wp-content\/uploads\/2025\/09\/Harus-200x143.png 200w\" sizes=\"(max-width: 512px) 100vw, 512px\" \/><\/p>\n<p><b>S\u00e3o Paulo, setembro de 2025 \u2013<\/b><span style=\"font-weight: 400;\"> Com o prop\u00f3sito de oferecer as solu\u00e7\u00f5es mais inovadoras e sustent\u00e1veis \u00e0 hospitalidade, a <\/span><b>Harus<\/b><span style=\"font-weight: 400;\"> apresenta uma s\u00e9rie de novidades na Equipotel 2025, que come\u00e7a nesta ter\u00e7a-feira (16) no Expo Center Norte, em S\u00e3o Paulo. A principal delas \u00e9 o retrofit completo das linhas pr\u00f3prias <\/span><b>Alma Brasil, Harus e Kids Kit<\/b><span style=\"font-weight: 400;\">, que passam a contar com um design moderno e exclusivo, al\u00e9m de novos materiais para embalagens e dry amenities.<\/span><\/p>\n<p><span style=\"font-weight: 400;\">\u201cEm prepara\u00e7\u00e3o para os 30 anos da Harus, investimos em sourcing no \u00faltimo ano e, hoje, contamos com o que h\u00e1 de mais moderno e inovador na hospitalidade a n\u00edvel global. Estamos com muitas novidades n\u00e3o apenas em nossas linhas pr\u00f3prias, mas tamb\u00e9m nos produtos que co-criamos com nossos parceiros, sempre com foco na sustentabilidade\u201d, afirma Luiz Roberto Magrin Filho, diretor-geral da empresa, que \u00e9 l\u00edder no mercado brasileiro de amenities.<\/span><\/p>\n<p><span style=\"font-weight: 400;\">A moderniza\u00e7\u00e3o das linhas <\/span><b>Alma Brasil e Harus<\/b><span style=\"font-weight: 400;\"> valoriza as mat\u00e9rias-primas brasileiras e os ingredientes locais \u2013 respondendo \u00e0s tend\u00eancias do mercado e atendendo aos desejos dos h\u00f3spedes. As mudan\u00e7as tamb\u00e9m contribuem para que os meios de hospedagem tenham opera\u00e7\u00f5es cada vez mais sustent\u00e1veis, com foco na agenda ESG. O novo design vale tanto para os amenities individuais quanto para os dispensers, que agora tamb\u00e9m est\u00e3o dispon\u00edveis em novos materiais como cer\u00e2mica e alum\u00ednio.\u00a0<\/span><\/p>\n<p><span style=\"font-weight: 400;\">J\u00e1 a <\/span><b>Kids Kit,<\/b><span style=\"font-weight: 400;\"> dedicada ao p\u00fablico infantil, passa a contar com os dispensers com sach\u00eas e sach\u00eas stand-up de 30 ml, em papel FSC, para shampoo, condicionador e sabonete l\u00edquido.\u00a0<\/span><\/p>\n<p><span style=\"font-weight: 400;\">\u201cA demanda pelos dispensers cresce anualmente, impulsionada pelos atributos da embalagem \u2013 op\u00e7\u00e3o mais sustent\u00e1vel, que gera menos desperd\u00edcio e descarte de frascos, al\u00e9m de proporcionar economia de at\u00e9 75% para nossos clientes. Por isso, sempre apresentamos novidades nesse segmento, como as op\u00e7\u00f5es com microchip para controle do volume de produto e, agora, novos materiais e a inclus\u00e3o dessa vers\u00e3o em novas linhas\u201d, assinala Magrin Filho.<\/span><\/p>\n<p><span style=\"font-weight: 400;\">Como parte do retrofit, a \u00e1gua micelar e demais op\u00e7\u00f5es de demaquilantes passam a integrar a <\/span><b>Dermaharus<\/b><span style=\"font-weight: 400;\">, junto com o sabonete \u00edntimo feminino, que j\u00e1 fazia parte do r\u00f3tulo. E, dando aten\u00e7\u00e3o ao crescimento dos spas, o portf\u00f3lio da <\/span><b>Alma Brazil<\/b><span style=\"font-weight: 400;\"> ganhou op\u00e7\u00f5es de \u00f3leos essenciais.<\/span><\/p>\n<p><span style=\"font-weight: 400;\">Para os dry amenities \u2013 categoria que inclui acess\u00f3rios como pente, escova de dente e kit costura \u2013, as novidades incluem novas op\u00e7\u00f5es de design (stone paper, algod\u00e3o e soft touch) e materiais naturais para confec\u00e7\u00e3o, a exemplo de palha de milho e trigo, e bambu, que s\u00e3o altamente ecol\u00f3gicos.<\/span><\/p>\n<p><b>Marcas parceiras<\/b><\/p>\n<p><span style=\"font-weight: 400;\">A Harus mant\u00e9m parcerias com marcas consagradas no mercado para oferecer produtos que atendam aos clientes mais exigentes. A novidade, anunciada em primeira m\u00e3o na Equipotel, \u00e9 a colabora\u00e7\u00e3o com a marca baiana <\/span><b>Avatim<\/b><span style=\"font-weight: 400;\">, que usa a biodiversidade brasileira como inspira\u00e7\u00e3o e base para desenvolver itens para o corpo e para ambientes \u2013 com f\u00f3rmulas sustent\u00e1veis e funcionais.<\/span><\/p>\n<p><span style=\"font-weight: 400;\">\u201cAtualmente, a Harus tem uma estrutura completa que permite a co-cria\u00e7\u00e3o de linhas inteiras com nossos parceiros, sejam marcas de beleza e higiene ou redes de hot\u00e9is. N\u00f3s pensamos juntos na f\u00f3rmula, fragr\u00e2ncia e embalagem para garantir a entrega de produtos de extrema qualidade, com as solu\u00e7\u00f5es mais modernas dispon\u00edveis no mercado\u201d, afirma Lu\u00eds Fernando Gomes, diretor comercial da Harus.<\/span><\/p>\n<p><span style=\"font-weight: 400;\">A Harus traz ao evento tamb\u00e9m as linhas de amenities em colabora\u00e7\u00e3o com <\/span><b>Jacques Janine, Santapele, Natura, Vinotage, O Botic\u00e1rio, L\u2019Occitane en Provence, L\u2019Occitane au Br\u00e9sil <\/b><span style=\"font-weight: 400;\">and<\/span><b> Costa Brazil<\/b><span style=\"font-weight: 400;\">, assim como as op\u00e7\u00f5es infantis com <\/span><b>Turma da Lilica<\/b><span style=\"font-weight: 400;\"> and <\/span><b>Baruel<\/b><span style=\"font-weight: 400;\">.<\/span><\/p>\n<p><span style=\"font-weight: 400;\">Por meio da <\/span><b>Harus Hotelaria<\/b><span style=\"font-weight: 400;\">, os visitantes poder\u00e3o conferir os produtos das marcas <\/span><b>Probel Karsten, Trussardi, Amenix, Leal, B\u00e1sico Aroma, LG, Friope\u00e7as <\/b><span style=\"font-weight: 400;\">and <\/span><b>GAMA<\/b><span style=\"font-weight: 400;\">, e produtos de limpeza e higieniza\u00e7\u00e3o <\/span><b>Harus by Carla Guerra, Tron <\/b><span style=\"font-weight: 400;\">and <\/span><b>Perfect Pro<\/b><span style=\"font-weight: 400;\">, que fazem parte do processo <\/span><b>Harus HQS (Hygiene, Quality and Safety)<\/b><span style=\"font-weight: 400;\">.<\/span><\/p>\n<p><span style=\"font-weight: 400;\">Pela primeira vez, o estande da Harus na Equipotel ter\u00e1 audit\u00f3rio, onde ser\u00e3o apresentados uma s\u00e9rie de conte\u00fados sobre hospitalidade, com curadoria de Ariadne Silva, especialista no segmento. O objetivo \u00e9 atualizar governantas e camareiras sobre as principais tend\u00eancias na presta\u00e7\u00e3o de servi\u00e7os e no atendimento aos h\u00f3spedes.<\/span><\/p>\n<p><span style=\"font-weight: 400;\">A empresa tamb\u00e9m leva at\u00e9 \u00e0 feira a unidade <\/span><b>Harus Food,<\/b><span style=\"font-weight: 400;\"> que oferece um mix de centenas de insumos aliment\u00edcios, em parceria com marcas reconhecidas.<\/span><\/p>\n<p><span style=\"font-weight: 400;\">Para completar o portf\u00f3lio de solu\u00e7\u00f5es completas para a hospitalidade, os visitantes poder\u00e3o conhecer ainda a <\/span><b>Harus-Tech<\/b><span style=\"font-weight: 400;\">, um sistema que fornece solu\u00e7\u00f5es de TI que contribuam para a gest\u00e3o de opera\u00e7\u00f5es de hot\u00e9is, pousadas e resorts.<\/span><\/p>\n<p><b>Sobre a\u00a0<\/b><b>Harus<\/b><\/p>\n<p><span style=\"font-weight: 400;\">A\u00a0<\/span><span style=\"font-weight: 400;\">Harus<\/span><span style=\"font-weight: 400;\">, marca l\u00edder no mercado brasileiro de amenities, est\u00e1 presente em todos os segmentos da hospitalidade com sua linha diversificada de produtos personalizados e de marcas pr\u00f3prias, entre elas a Alma Brasil. A moderna f\u00e1brica, instalada na cidade de Franca (SP), tem capacidade para produzir sabonetes, shampoos, hidratantes, \u00f3leos corporais e mais uma infinidade de itens. Do design da embalagem at\u00e9 o produto final, a empresa desenvolve formula\u00e7\u00f5es exclusivas para marcas \u00edcones nacionais e internacionais, entre elas O Botic\u00e1rio, Vinotage (Grupo Fam\u00edlia Valduga), L\u2019Occitane, <\/span><span style=\"font-weight: 400;\">Jacques Janine,<\/span><span style=\"font-weight: 400;\"> Costa Brasil, Turma da Lilica e Natura.<\/span><\/p>\n<p><span style=\"font-weight: 400;\">Em mais de 28 anos de trajet\u00f3ria, a companhia tem ampliado seus neg\u00f3cios. Lan\u00e7ou o processo Harus HQS (Higiene, Qualidade e Seguran\u00e7a), que oferece saneantes sustent\u00e1veis e um protocolo completo na \u00e1rea. Al\u00e9m disso, fornece itens para os setores de alimenta\u00e7\u00e3o e hoteleiro, atrav\u00e9s de marcas parceiras. A\u00a0<\/span><span style=\"font-weight: 400;\">Harus<\/span><span style=\"font-weight: 400;\">\u00a0Food Service apresenta diversificada gama de produtos, dentre eles as linhas da <\/span><span style=\"font-weight: 400;\">Junior Alimentos, Homemade, \u00cdsis, Vigor, Bauducco, Le Petit, Low\u00e7ucar, Caravelas, Cep\u00eara, Flormel, Pr\u00e9sident e Billa.<\/span><\/p>\n<p><b>More Information<\/b><span style=\"font-weight: 400;\">: <\/span><span style=\"font-weight: 400;\">\u00a0<\/span><a href=\"http:\/\/www.harus.inb.br\" target=\"_blank\" rel=\"noopener\"><span style=\"font-weight: 400;\">www.harus.ind.br<\/span><\/a><span style=\"font-weight: 400;\"> | @harusoficial<\/span> <span style=\"font-weight: 400;\">(<\/span><a href=\"https:\/\/www.facebook.com\/harushospitalidade\" target=\"_blank\" rel=\"noopener\"><span style=\"font-weight: 400;\">Facebook<\/span><\/a><span style=\"font-weight: 400;\">, <\/span><a href=\"https:\/\/www.instagram.com\/harushospitalidade\/\" target=\"_blank\" rel=\"noopener\"><span style=\"font-weight: 400;\">Instagram<\/span><\/a><span style=\"font-weight: 400;\"> and <\/span><a href=\"https:\/\/www.linkedin.com\/company\/harus-hospitalidade\" target=\"_blank\" rel=\"noopener\"><span style=\"font-weight: 400;\">LinkedIn<\/span><\/a><span style=\"font-weight: 400;\">)\u00a0<\/span><\/p>\n<p><b>Press information<\/b><\/p>\n<p><span style=\"font-weight: 400;\">2PRO Communication<\/span><\/p>\n<p><span style=\"font-weight: 400;\">Giuliana Vallone \u2013 <\/span><a href=\"mailto:giuliana.vallone@2pro.com.br\"><span style=\"font-weight: 400;\">giuliana.vallone@2pro.com.br<\/span><span style=\"font-weight: 400;\"><br \/>\n<\/span><\/a><span style=\"font-weight: 400;\">Flavia Kurotori \u2013 <\/span><a href=\"mailto:flavia.kurotori@2pro.com.br\"><span style=\"font-weight: 400;\">flavia.kurotori@2pro.com.br<\/span><span style=\"font-weight: 400;\"><br \/>\n<\/span><\/a><span style=\"font-weight: 400;\">(11) 97396-6613 | (11) 97672-9933<\/span><\/p>","protected":false},"excerpt":{"rendered":"<p>Lan\u00e7amentos priorizam sustentabilidade e ingredientes brasileiros, acompanhando as tend\u00eancias globais; estande ter\u00e1 um audit\u00f3rio de conte\u00fados pela primeira vez S\u00e3o Paulo, setembro de 2025 \u2013 Com o prop\u00f3sito de oferecer as solu\u00e7\u00f5es mais inovadoras e sustent\u00e1veis \u00e0 hospitalidade, a Harus apresenta uma s\u00e9rie de novidades na Equipotel 2025, que come\u00e7a nesta ter\u00e7a-feira (16) no Expo [&hellip;]<\/p>\n","protected":false},"author":1,"featured_media":0,"comment_status":"closed","ping_status":"open","sticky":false,"template":"","format":"standard","meta":{"site-sidebar-layout":"default","site-content-layout":"","ast-site-content-layout":"default","site-content-style":"default","site-sidebar-style":"default","ast-global-header-display":"","ast-banner-title-visibility":"","ast-main-header-display":"","ast-hfb-above-header-display":"","ast-hfb-below-header-display":"","ast-hfb-mobile-header-display":"","site-post-title":"","ast-breadcrumbs-content":"","ast-featured-img":"","footer-sml-layout":"","ast-disable-related-posts":"","theme-transparent-header-meta":"default","adv-header-id-meta":"","stick-header-meta":"","header-above-stick-meta":"","header-main-stick-meta":"","header-below-stick-meta":"","astra-migrate-meta-layouts":"set","ast-page-background-enabled":"default","ast-page-background-meta":{"desktop":{"background-color":"","background-image":"","background-repeat":"repeat","background-position":"center center","background-size":"auto","background-attachment":"scroll","background-type":"","background-media":"","overlay-type":"","overlay-color":"","overlay-opacity":"","overlay-gradient":""},"tablet":{"background-color":"","background-image":"","background-repeat":"repeat","background-position":"center center","background-size":"auto","background-attachment":"scroll","background-type":"","background-media":"","overlay-type":"","overlay-color":"","overlay-opacity":"","overlay-gradient":""},"mobile":{"background-color":"","background-image":"","background-repeat":"repeat","background-position":"center center","background-size":"auto","background-attachment":"scroll","background-type":"","background-media":"","overlay-type":"","overlay-color":"","overlay-opacity":"","overlay-gradient":""}},"ast-content-background-meta":{"desktop":{"background-color":"var(--ast-global-color-5)","background-image":"","background-repeat":"repeat","background-position":"center center","background-size":"auto","background-attachment":"scroll","background-type":"","background-media":"","overlay-type":"","overlay-color":"","overlay-opacity":"","overlay-gradient":""},"tablet":{"background-color":"var(--ast-global-color-5)","background-image":"","background-repeat":"repeat","background-position":"center center","background-size":"auto","background-attachment":"scroll","background-type":"","background-media":"","overlay-type":"","overlay-color":"","overlay-opacity":"","overlay-gradient":""},"mobile":{"background-color":"var(--ast-global-color-5)","background-image":"","background-repeat":"repeat","background-position":"center center","background-size":"auto","background-attachment":"scroll","background-type":"","background-media":"","overlay-type":"","overlay-color":"","overlay-opacity":"","overlay-gradient":""}},"_joinchat":[],"footnotes":""},"categories":[310],"tags":[],"class_list":["post-31557","post","type-post","status-publish","format-standard","hentry","category-press-releases"],"_links":{"self":[{"href":"https:\/\/harus.ind.br\/en\/wp-json\/wp\/v2\/posts\/31557","targetHints":{"allow":["GET"]}}],"collection":[{"href":"https:\/\/harus.ind.br\/en\/wp-json\/wp\/v2\/posts"}],"about":[{"href":"https:\/\/harus.ind.br\/en\/wp-json\/wp\/v2\/types\/post"}],"author":[{"embeddable":true,"href":"https:\/\/harus.ind.br\/en\/wp-json\/wp\/v2\/users\/1"}],"replies":[{"embeddable":true,"href":"https:\/\/harus.ind.br\/en\/wp-json\/wp\/v2\/comments?post=31557"}],"version-history":[{"count":2,"href":"https:\/\/harus.ind.br\/en\/wp-json\/wp\/v2\/posts\/31557\/revisions"}],"predecessor-version":[{"id":31561,"href":"https:\/\/harus.ind.br\/en\/wp-json\/wp\/v2\/posts\/31557\/revisions\/31561"}],"wp:attachment":[{"href":"https:\/\/harus.ind.br\/en\/wp-json\/wp\/v2\/media?parent=31557"}],"wp:term":[{"taxonomy":"category","embeddable":true,"href":"https:\/\/harus.ind.br\/en\/wp-json\/wp\/v2\/categories?post=31557"},{"taxonomy":"post_tag","embeddable":true,"href":"https:\/\/harus.ind.br\/en\/wp-json\/wp\/v2\/tags?post=31557"}],"curies":[{"name":"wp","href":"https:\/\/api.w.org\/{rel}","templated":true}]}}