{"id":26024,"date":"2023-02-16T14:05:40","date_gmt":"2023-02-16T14:05:40","guid":{"rendered":"https:\/\/harus.ind.br\/?p=26024"},"modified":"2023-03-16T14:08:00","modified_gmt":"2023-03-16T14:08:00","slug":"de-olho-no-crescimento-do-turismo-no-norte-do-pais-harus-preve-que-regiao-respondera-por-25-de-seu-faturamento-em-quatro-anos","status":"publish","type":"post","link":"https:\/\/harus.ind.br\/es\/de-olho-no-crescimento-do-turismo-no-norte-do-pais-harus-preve-que-regiao-respondera-por-25-de-seu-faturamento-em-quatro-anos\/","title":{"rendered":"Con la vista puesta en el crecimiento del turismo en el norte del pa\u00eds, Harus prev\u00e9 que la regi\u00f3n representar\u00e1 25% de sus ingresos en cuatro a\u00f1os"},"content":{"rendered":"<p style=\"text-align: center;\"><em>L\u00edder en el mercado nacional de comodidades, la empresa particip\u00f3 de Easy Conecta, la primera feria de hoteler\u00eda y turismo dedicada al Norte; hoy, la regi\u00f3n representa 15% de sus ingresos<\/em><\/p>\n<p><strong>S\u00e3o Paulo, febrero de 2023 \u2013<\/strong> Llam\u00f3 la atenci\u00f3n de Harus el potencial de crecimiento del turismo en el Norte del pa\u00eds, estimulado por la b\u00fasqueda de ecoturismo por parte de viajeros nacionales e internacionales, adem\u00e1s de un aumento de los viajes de negocios a la regi\u00f3n. L\u00edder nacional en el mercado de comodidades, la empresa con sede en Franca (SP) particip\u00f3 esta semana de Easy Conecta, la primera feria de hoteler\u00eda y turismo dedicada a este mercado.<\/p>\n<p>Durante los dos d\u00edas del evento, que finaliza este martes (14) en el Hotel Golden Plaza, en Porto Velho, Harus present\u00f3 a la industria hotelera del Norte de Brasil las \u00faltimas incorporaciones a su portafolio, adem\u00e1s de los conocidos l\u00edneas m\u00e1s vendidas de la marca. Adem\u00e1s, la empresa tambi\u00e9n actu\u00f3 como patrocinadora de la primera edici\u00f3n de la feria, organizada por Easy Hot\u00e9is y el gobierno del estado de Rond\u00f4nia.<\/p>\n<p>\u201cTenemos una presencia muy significativa en la regi\u00f3n, dada su importancia en los ingresos de Harus y su potencial de crecimiento\u201d, dice Luiz Roberto Magrin Filho, director general de la empresa, que estuvo en Easy Conecta.<\/p>\n<p>Hoy en d\u00eda, seg\u00fan sus palabras, los estados del norte representan alrededor de 15% de los ingresos de Harus. En los pr\u00f3ximos cuatro a\u00f1os, la expectativa es que este porcentaje alcance los 25%.<br \/>\n\u201cLa iniciativa de la feria me pareci\u00f3 fant\u00e1stica, porque todav\u00eda no se presta la debida atenci\u00f3n a la Regi\u00f3n Norte y su potencial para atraer turistas\u201d, afirma. Destaca entre los destinos los estados de Par\u00e1, Amazonas, Rond\u00f4nia y Acre. \u201cSi consideramos el crecimiento de estos cuatro estados en los \u00faltimos cinco a\u00f1os, es muy superior a las tasas registradas en el Sudeste y Noreste del pa\u00eds\u201d.<br \/>\nHarus cuenta actualmente con m\u00e1s de 16.000 clientes activos, atendidos en Brasil y Am\u00e9rica Latina, adem\u00e1s de pa\u00edses como Estados Unidos e Israel. La empresa tiene distribuidores en Franca, Fortaleza, S\u00e3o Lu\u00eds, Porto Seguro, Recife, Brasilia, Caldas Novas y Goi\u00e2nia, un centro de distribuci\u00f3n en Macei\u00f3 \u2013 para atender las regiones Norte y Nordeste \u2013 y una sucursal en Assun\u00e7\u00e3o, Paraguay.<\/p>\n<p>La empresa ofrece al sector de la hosteler\u00eda productos para cubrir las diferentes demandas del mercado. Su portafolio incluye art\u00edculos personalizados con marcas de clientes, l\u00edneas propias y marcas reconocidas, como L&#039;Occitane, O Botic\u00e1rio, Davene y Vinotage.<\/p>\n<p>Adem\u00e1s de champ\u00fa, acondicionador, crema hidratante y jab\u00f3n, proporciona kits con accesorios como cepillos de dientes, peines, bastoncillos de algod\u00f3n, pa\u00f1uelos y algodones. En los \u00faltimos a\u00f1os, la empresa tambi\u00e9n inici\u00f3 la comercializaci\u00f3n de alcohol en gel para atender la alta demanda del segmento hotelero, hospitalario y farmac\u00e9utico.<br \/>\nAdem\u00e1s de comodidades propias y desarrolladas exclusivamente para cadenas hoteleras, tambi\u00e9n ofrece art\u00edculos en los segmentos de accesorios, electr\u00f3nica, cama y ba\u00f1o. Con la unidad Harus Food, la empresa suministra productos alimenticios, desarrollados en alianza con marcas reconocidas, entre ellas J\u00fanior Alimentos, Le Petit, Homemade, \u00cdsis, Bauducco y Vigor.<\/p>\n<p><strong>Acerca de Harus<\/strong><\/p>\n<p>Harus, marca l\u00edder en el mercado brasile\u00f1o de comodidades, est\u00e1 presente en todos los segmentos de hoteler\u00eda con su diversa l\u00ednea de productos personalizados y marcas privadas, incluida Alma Brasil. La moderna f\u00e1brica, ubicada en la ciudad de Franca (SP), tiene capacidad para producir jabones, champ\u00fas, humectantes, aceites corporales y multitud de otros art\u00edculos. Desde el dise\u00f1o del packaging hasta el producto final, la empresa desarrolla formulaciones exclusivas para marcas \u00edconos nacionales e internacionales, entre ellas O Botic\u00e1rio, Vinotage (Grupo Fam\u00edlia Valduga), KUR Cosm\u00e9ticos, L&#039;Occitane, Costa Brasil y Davene.<\/p>\n<p>En m\u00e1s de 25 a\u00f1os de historia, la empresa ha ampliado su negocio con productos para el sector alimentario y hotelero, a trav\u00e9s de marcas colaboradoras. Harus Food Service presenta una variada gama de productos, incluyendo las l\u00edneas de J\u00fanior Alimentos, Homemade, \u00cdsis, Vigor, Bauducco, Le Petit, Low\u00e7ucar, Caravelas, Cep\u00eara, Flormel, Pr\u00e9sident, Paysan Breton y Billa.<\/p>\n<p><strong>Mas informaciones:<\/strong> www.harus.ind.br | @harusoficial (Facebook, Instagram y LinkedIn)<\/p>\n<p><strong>Informaci\u00f3n de prensa<\/strong><br \/>\nComunicaci\u00f3n 2PRO<\/p>","protected":false},"excerpt":{"rendered":"<p>L\u00edder no mercado nacional de amenities, empresa participou da Easy Conecta, primeira feira de hotelaria e turismo dedicada ao Norte; hoje, regi\u00e3o responde por 15% de seu faturamento S\u00e3o Paulo, fevereiro de 2023 &#8211; O potencial de crescimento do turismo no Norte do pa\u00eds, estimulado pela busca de viajantes nacionais e internacionais pelo ecoturismo, al\u00e9m [&hellip;]<\/p>\n","protected":false},"author":1,"featured_media":0,"comment_status":"closed","ping_status":"open","sticky":false,"template":"","format":"standard","meta":{"site-sidebar-layout":"default","site-content-layout":"default","ast-site-content-layout":"default","site-content-style":"default","site-sidebar-style":"default","ast-global-header-display":"","ast-banner-title-visibility":"","ast-main-header-display":"","ast-hfb-above-header-display":"","ast-hfb-below-header-display":"","ast-hfb-mobile-header-display":"","site-post-title":"","ast-breadcrumbs-content":"","ast-featured-img":"","footer-sml-layout":"","ast-disable-related-posts":"","theme-transparent-header-meta":"default","adv-header-id-meta":"","stick-header-meta":"","header-above-stick-meta":"","header-main-stick-meta":"","header-below-stick-meta":"","astra-migrate-meta-layouts":"default","ast-page-background-enabled":"default","ast-page-background-meta":{"desktop":{"background-color":"","background-image":"","background-repeat":"repeat","background-position":"center center","background-size":"auto","background-attachment":"scroll","background-type":"","background-media":"","overlay-type":"","overlay-color":"","overlay-opacity":"","overlay-gradient":""},"tablet":{"background-color":"","background-image":"","background-repeat":"repeat","background-position":"center center","background-size":"auto","background-attachment":"scroll","background-type":"","background-media":"","overlay-type":"","overlay-color":"","overlay-opacity":"","overlay-gradient":""},"mobile":{"background-color":"","background-image":"","background-repeat":"repeat","background-position":"center center","background-size":"auto","background-attachment":"scroll","background-type":"","background-media":"","overlay-type":"","overlay-color":"","overlay-opacity":"","overlay-gradient":""}},"ast-content-background-meta":{"desktop":{"background-color":"var(--ast-global-color-5)","background-image":"","background-repeat":"repeat","background-position":"center center","background-size":"auto","background-attachment":"scroll","background-type":"","background-media":"","overlay-type":"","overlay-color":"","overlay-opacity":"","overlay-gradient":""},"tablet":{"background-color":"var(--ast-global-color-5)","background-image":"","background-repeat":"repeat","background-position":"center center","background-size":"auto","background-attachment":"scroll","background-type":"","background-media":"","overlay-type":"","overlay-color":"","overlay-opacity":"","overlay-gradient":""},"mobile":{"background-color":"var(--ast-global-color-5)","background-image":"","background-repeat":"repeat","background-position":"center center","background-size":"auto","background-attachment":"scroll","background-type":"","background-media":"","overlay-type":"","overlay-color":"","overlay-opacity":"","overlay-gradient":""}},"_joinchat":[],"footnotes":""},"categories":[310],"tags":[],"class_list":["post-26024","post","type-post","status-publish","format-standard","hentry","category-press-releases"],"_links":{"self":[{"href":"https:\/\/harus.ind.br\/es\/wp-json\/wp\/v2\/posts\/26024","targetHints":{"allow":["GET"]}}],"collection":[{"href":"https:\/\/harus.ind.br\/es\/wp-json\/wp\/v2\/posts"}],"about":[{"href":"https:\/\/harus.ind.br\/es\/wp-json\/wp\/v2\/types\/post"}],"author":[{"embeddable":true,"href":"https:\/\/harus.ind.br\/es\/wp-json\/wp\/v2\/users\/1"}],"replies":[{"embeddable":true,"href":"https:\/\/harus.ind.br\/es\/wp-json\/wp\/v2\/comments?post=26024"}],"version-history":[{"count":0,"href":"https:\/\/harus.ind.br\/es\/wp-json\/wp\/v2\/posts\/26024\/revisions"}],"wp:attachment":[{"href":"https:\/\/harus.ind.br\/es\/wp-json\/wp\/v2\/media?parent=26024"}],"wp:term":[{"taxonomy":"category","embeddable":true,"href":"https:\/\/harus.ind.br\/es\/wp-json\/wp\/v2\/categories?post=26024"},{"taxonomy":"post_tag","embeddable":true,"href":"https:\/\/harus.ind.br\/es\/wp-json\/wp\/v2\/tags?post=26024"}],"curies":[{"name":"wp","href":"https:\/\/api.w.org\/{rel}","templated":true}]}}