{"id":28565,"date":"2023-12-08T18:36:30","date_gmt":"2023-12-08T18:36:30","guid":{"rendered":"https:\/\/harus.ind.br\/?p=28565"},"modified":"2023-12-08T18:38:40","modified_gmt":"2023-12-08T18:38:40","slug":"harus-terceiriza-fabrica-para-producao-de-marcas-proprias-do-varejo-em-meio-ao-crescimento-do-segmento-no-pais","status":"publish","type":"post","link":"https:\/\/harus.ind.br\/es\/harus-terceiriza-fabrica-para-producao-de-marcas-proprias-do-varejo-em-meio-ao-crescimento-do-segmento-no-pais\/","title":{"rendered":"Harus subcontrata f\u00e1brica para producir sus propias marcas minoristas, en medio del crecimiento del segmento en el pa\u00eds"},"content":{"rendered":"<p><strong>S\u00e3o Paulo, noviembre de 2023 \u2013<\/strong> El consumo de marcas privadas de cadenas minoristas viene creciendo intensamente entre los brasile\u00f1os. La b\u00fasqueda de art\u00edculos de calidad, a un precio m\u00e1s accesible y con gran diversidad en el lineal estimula este movimiento que, a su vez, viene atrayendo mayores inversiones de las empresas.<br \/>\nDatos de Abmapro (Asociaci\u00f3n Brasile\u00f1a de Marcas Privadas y Outsourcing), por ejemplo, indican que las cinco principales cadenas farmac\u00e9uticas del pa\u00eds vieron crecer sus ingresos por las llamadas marcas blancas en 59% en los 12 meses que finalizaron en julio de este a\u00f1o. El \u00edndice est\u00e1 por encima de la media del sector de 36%. Otra encuesta, de Nielsen, muestra que los productos de marca privada ya est\u00e1n presentes en el 34% de los hogares brasile\u00f1os.<\/p>\n<p>\u201cEn el mercado brasile\u00f1o se rompi\u00f3 un paradigma \u2013que ya no exist\u00eda en los pa\u00edses europeos y en Estados Unidos\u2013 de que estos productos son de baja calidad. Los consumidores hoy tienen una percepci\u00f3n diferente y las grandes cadenas han invertido en ampliar sus carteras\u201d, afirma Lu\u00eds Fernando Gomes, director comercial de Harus. &quot;Todo esto significa que existe un gran potencial de expansi\u00f3n en este segmento&quot;.<\/p>\n<p>Tambi\u00e9n seg\u00fan Abmapro, con marca propia, el cliente puede comprar hasta 120% m\u00e1s, pagando 30% menos, mientras que las marcas reducen costos sin perder calidad.<br \/>\nAtenta a este movimiento, la empresa, hoy l\u00edder en el mercado nacional de comodidades, viene ampliando espacio en su parque fabril para la producci\u00f3n de marcas propias para el retail brasile\u00f1o. Hoy, la f\u00e1brica de Harus produce, por ejemplo, las etiquetas de una reconocida cadena mayorista y otra de droguer\u00edas, adem\u00e1s de encargarse de subcontratar la producci\u00f3n de los productos L&#039;Occitane y Botic\u00e1rio para el sector hotelero.<\/p>\n<p>\u201cEn los \u00faltimos a\u00f1os hemos invertido en la modernizaci\u00f3n de nuestro parque fabril, que actualmente abarca casi 20 mil metros cuadrados y nos permite ofrecer la mayor capacidad productiva del segmento. Actualmente contamos con las principales tecnolog\u00edas del mercado, adem\u00e1s de casi 30 a\u00f1os de experiencia en la producci\u00f3n de cosm\u00e9ticos\u201d, afirma Luiz Roberto Magrin Filho, director general de Harus.<\/p>\n<p>La f\u00e1brica, ubicada en Franca, en el interior de S\u00e3o Paulo, produce hoy miles de art\u00edculos como jabones, champ\u00fas, humectantes, aceites corporales, entre otros. Y est\u00e1 equipado para responder a solicitudes espec\u00edficas, como productos biodegradables y veganos 100%.<\/p>\n<p>Adem\u00e1s, la planta cumple con los principales requisitos de bioseguridad y cuenta con un moderno sistema de tratamiento de agua, \u00fanico en el segmento, responsable de purificar m\u00e1s de cuatro mil metros c\u00fabicos de agua por a\u00f1o.<\/p>\n<p>Para ampliar a\u00fan m\u00e1s su oferta a los socios minoristas, Harus tambi\u00e9n invirti\u00f3 en la fabricaci\u00f3n de perfumes, complementando su cartera. \u201cTenemos la estructura, la tecnolog\u00eda y el know-how para atender la creciente demanda de productos de marca propia\u201d, afirma Gomes.<\/p>\n<p>Seg\u00fan \u00e9l, la estimaci\u00f3n es que, en cinco a\u00f1os, 50% de los ingresos de la empresa provendr\u00e1n de la producci\u00f3n de art\u00edculos de belleza para supermercados y farmacias.<\/p>\n<p><strong>Acerca de Harus<\/strong><br \/>\nHarus, marca l\u00edder en el mercado brasile\u00f1o de comodidades, est\u00e1 presente en todos los segmentos de hoteler\u00eda con su diversa l\u00ednea de productos personalizados y marcas privadas, incluida Alma Brasil. La moderna f\u00e1brica, ubicada en la ciudad de Franca (SP), tiene capacidad para producir jabones, champ\u00fas, humectantes, aceites corporales y multitud de otros art\u00edculos. Desde el dise\u00f1o del packaging hasta el producto final, la empresa desarrolla formulaciones exclusivas para marcas \u00edconos nacionales e internacionales, entre ellas O Botic\u00e1rio, Vinotage (Grupo Fam\u00edlia Valduga), L&#039;Occitane, Jacques Janine, Costa Brasil y Davene.<\/p>\n<p>En m\u00e1s de 27 a\u00f1os de historia, la empresa ha ampliado su negocio. Lanz\u00f3 el proceso Harus HQS (Higiene, Calidad y Seguridad), que ofrece productos sanitizantes sustentables y un protocolo completo en el \u00e1rea. Adem\u00e1s, suministra art\u00edculos al sector de la alimentaci\u00f3n y la hosteler\u00eda, a trav\u00e9s de marcas colaboradoras. Harus Food Service presenta una variada gama de productos, incluyendo las l\u00edneas de J\u00fanior Alimentos, Homemade, \u00cdsis, Vigor, Bauducco, Le Petit, Low\u00e7ucar, Caravelas, Cep\u00eara, Flormel, Pr\u00e9sident y Billa.<\/p>\n<p><strong>Mas informaciones:<\/strong> <a href=\"https:\/\/harus.ind.br\/es\/\" target=\"_blank\" rel=\"noopener\">www.harus.ind.br<\/a> | @harusoficial (<a href=\"https:\/\/www.facebook.com\/harushospitalidade\" target=\"_blank\" rel=\"noopener\">Facebook<\/a>, <a href=\"https:\/\/www.instagram.com\/harushospitalidade\/\" target=\"_blank\" rel=\"noopener\">Instagram<\/a> y <a href=\"https:\/\/www.linkedin.com\/company\/harus-hospitalidade\" target=\"_blank\" rel=\"noopener\">LinkedIn<\/a>)<\/p>\n<p><strong>Informaci\u00f3n de prensa:<\/strong><br \/>\n<strong>Comunicaci\u00f3n 2PRO<\/strong><br \/>\nGiuliana Vallone \u2013 giuliana.vallone@2pro.com.br<br \/>\nFlavia Kurotori \u2013 flavia.kurotori@2pro.com.br<br \/>\n(11) 97396-6613 | (11) 97672-9933<\/p>","protected":false},"excerpt":{"rendered":"<p>S\u00e3o Paulo, novembro de 2023 \u2013 O consumo de marcas pr\u00f3prias de redes varejistas vem crescendo intensamente entre os brasileiros. A procura por itens de qualidade, a pre\u00e7o mais acess\u00edvel e com grande diversidade na g\u00f4ndola estimula este movimento, que, por sua vez, vem atraindo maiores investimentos das companhias. Dados da Abmapro (Associa\u00e7\u00e3o Brasileira de [&hellip;]<\/p>\n","protected":false},"author":1,"featured_media":0,"comment_status":"closed","ping_status":"open","sticky":false,"template":"","format":"standard","meta":{"site-sidebar-layout":"default","site-content-layout":"","ast-site-content-layout":"default","site-content-style":"default","site-sidebar-style":"default","ast-global-header-display":"","ast-banner-title-visibility":"","ast-main-header-display":"","ast-hfb-above-header-display":"","ast-hfb-below-header-display":"","ast-hfb-mobile-header-display":"","site-post-title":"","ast-breadcrumbs-content":"","ast-featured-img":"","footer-sml-layout":"","ast-disable-related-posts":"","theme-transparent-header-meta":"default","adv-header-id-meta":"","stick-header-meta":"","header-above-stick-meta":"","header-main-stick-meta":"","header-below-stick-meta":"","astra-migrate-meta-layouts":"set","ast-page-background-enabled":"default","ast-page-background-meta":{"desktop":{"background-color":"","background-image":"","background-repeat":"repeat","background-position":"center center","background-size":"auto","background-attachment":"scroll","background-type":"","background-media":"","overlay-type":"","overlay-color":"","overlay-opacity":"","overlay-gradient":""},"tablet":{"background-color":"","background-image":"","background-repeat":"repeat","background-position":"center center","background-size":"auto","background-attachment":"scroll","background-type":"","background-media":"","overlay-type":"","overlay-color":"","overlay-opacity":"","overlay-gradient":""},"mobile":{"background-color":"","background-image":"","background-repeat":"repeat","background-position":"center center","background-size":"auto","background-attachment":"scroll","background-type":"","background-media":"","overlay-type":"","overlay-color":"","overlay-opacity":"","overlay-gradient":""}},"ast-content-background-meta":{"desktop":{"background-color":"var(--ast-global-color-5)","background-image":"","background-repeat":"repeat","background-position":"center center","background-size":"auto","background-attachment":"scroll","background-type":"","background-media":"","overlay-type":"","overlay-color":"","overlay-opacity":"","overlay-gradient":""},"tablet":{"background-color":"var(--ast-global-color-5)","background-image":"","background-repeat":"repeat","background-position":"center center","background-size":"auto","background-attachment":"scroll","background-type":"","background-media":"","overlay-type":"","overlay-color":"","overlay-opacity":"","overlay-gradient":""},"mobile":{"background-color":"var(--ast-global-color-5)","background-image":"","background-repeat":"repeat","background-position":"center center","background-size":"auto","background-attachment":"scroll","background-type":"","background-media":"","overlay-type":"","overlay-color":"","overlay-opacity":"","overlay-gradient":""}},"_joinchat":[],"footnotes":""},"categories":[310],"tags":[],"class_list":["post-28565","post","type-post","status-publish","format-standard","hentry","category-press-releases"],"_links":{"self":[{"href":"https:\/\/harus.ind.br\/es\/wp-json\/wp\/v2\/posts\/28565","targetHints":{"allow":["GET"]}}],"collection":[{"href":"https:\/\/harus.ind.br\/es\/wp-json\/wp\/v2\/posts"}],"about":[{"href":"https:\/\/harus.ind.br\/es\/wp-json\/wp\/v2\/types\/post"}],"author":[{"embeddable":true,"href":"https:\/\/harus.ind.br\/es\/wp-json\/wp\/v2\/users\/1"}],"replies":[{"embeddable":true,"href":"https:\/\/harus.ind.br\/es\/wp-json\/wp\/v2\/comments?post=28565"}],"version-history":[{"count":2,"href":"https:\/\/harus.ind.br\/es\/wp-json\/wp\/v2\/posts\/28565\/revisions"}],"predecessor-version":[{"id":28569,"href":"https:\/\/harus.ind.br\/es\/wp-json\/wp\/v2\/posts\/28565\/revisions\/28569"}],"wp:attachment":[{"href":"https:\/\/harus.ind.br\/es\/wp-json\/wp\/v2\/media?parent=28565"}],"wp:term":[{"taxonomy":"category","embeddable":true,"href":"https:\/\/harus.ind.br\/es\/wp-json\/wp\/v2\/categories?post=28565"},{"taxonomy":"post_tag","embeddable":true,"href":"https:\/\/harus.ind.br\/es\/wp-json\/wp\/v2\/tags?post=28565"}],"curies":[{"name":"wp","href":"https:\/\/api.w.org\/{rel}","templated":true}]}}