{"id":31539,"date":"2025-09-01T20:22:30","date_gmt":"2025-09-01T20:22:30","guid":{"rendered":"https:\/\/harus.ind.br\/?p=31539"},"modified":"2025-09-01T20:23:19","modified_gmt":"2025-09-01T20:23:19","slug":"harus-inaugura-distribuidora-em-sao-jose-sc-a-primeira-na-regiao-sul","status":"publish","type":"post","link":"https:\/\/harus.ind.br\/es\/harus-inaugura-distribuidora-em-sao-jose-sc-a-primeira-na-regiao-sul\/","title":{"rendered":"Harus inaugura distribuidora em S\u00e3o Jos\u00e9 (SC), a primeira na regi\u00e3o Sul"},"content":{"rendered":"<p style=\"text-align: center;\"><em>Nova instala\u00e7\u00e3o proporciona ainda mais agilidade e efici\u00eancia no fornecimento de amenities \u00e0 hospitalidade<\/em><\/p>\n<p><b>S\u00e3o Paulo, setembro de 2025 \u2013<\/b><span style=\"font-weight: 400;\"> A <\/span><b>harus<\/b><span style=\"font-weight: 400;\">, multinacional de origem brasileira l\u00edder no mercado de amenities, inaugura neste m\u00eas sua 10\u00aa distribuidora. Localizada em S\u00e3o Jos\u00e9 (SC), a nova instala\u00e7\u00e3o \u2013 a primeira na regi\u00e3o Sul \u2013 proporcionar\u00e1 ainda mais agilidade e efici\u00eancia no fornecimento de insumos \u00e0 hospitalidade de todo pa\u00eds, al\u00e9m de aproximar a empresa do <\/span><span style=\"font-weight: 400;\">mercado catarinense, um dos principais destinos tur\u00edsticos do pa\u00eds.<\/span><\/p>\n<p><span style=\"font-weight: 400;\"><img fetchpriority=\"high\" decoding=\"async\" class=\"alignleft wp-image-31540 size-medium\" src=\"https:\/\/harus.ind.br\/wp-content\/uploads\/2025\/09\/Luix-Roberto-225x300.jpg\" alt=\"\" width=\"225\" height=\"300\" srcset=\"https:\/\/harus.ind.br\/wp-content\/uploads\/2025\/09\/Luix-Roberto-225x300.jpg 225w, https:\/\/harus.ind.br\/wp-content\/uploads\/2025\/09\/Luix-Roberto-9x12.jpg 9w, https:\/\/harus.ind.br\/wp-content\/uploads\/2025\/09\/Luix-Roberto-200x267.jpg 200w, https:\/\/harus.ind.br\/wp-content\/uploads\/2025\/09\/Luix-Roberto.jpg 384w\" sizes=\"(max-width: 225px) 100vw, 225px\" \/>Por meio da nova distribuidora, os meios de hospedagem do Estado e da regi\u00e3o ter\u00e3o acesso a todo o portf\u00f3lio da empresa: amenities de marcas de renome e linhas pr\u00f3prias, saneantes para limpeza especializada, Harus Hotelaria (cama e mesa, eletr\u00f4nicos, persianas e cortinas, aromatiza\u00e7\u00e3o, entre outros) e Harus Food.<\/span><\/p>\n<p><span style=\"font-weight: 400;\">\u201cA Harus adota o modelo de log\u00edstica descentralizada para otimizar a entrega dos produtos. Quando todos os produtos saem de uma localiza\u00e7\u00e3o estrat\u00e9gica pr\u00f3xima ao cliente, garantimos agilidade e custos menores. E para assegurar o atendimento de excel\u00eancia, analisamos a demanda de cada regi\u00e3o para entender quais produtos precisamos manter sempre em estoque\u201d, explica Luiz Roberto Magrin Filho, diretor-geral da empresa.<\/span><\/p>\n<p><span style=\"font-weight: 400;\"><img decoding=\"async\" class=\"size-medium wp-image-31541 alignright\" src=\"https:\/\/harus.ind.br\/wp-content\/uploads\/2025\/09\/Harus-225x300.jpg\" alt=\"\" width=\"225\" height=\"300\" srcset=\"https:\/\/harus.ind.br\/wp-content\/uploads\/2025\/09\/Harus-225x300.jpg 225w, https:\/\/harus.ind.br\/wp-content\/uploads\/2025\/09\/Harus-9x12.jpg 9w, https:\/\/harus.ind.br\/wp-content\/uploads\/2025\/09\/Harus-200x267.jpg 200w, https:\/\/harus.ind.br\/wp-content\/uploads\/2025\/09\/Harus.jpg 384w\" sizes=\"(max-width: 225px) 100vw, 225px\" \/>No \u00faltimo ver\u00e3o, Santa Catarina registrou alta de 11,5% no turismo em compara\u00e7\u00e3o ao mesmo per\u00edodo do ano anterior, segundo levantamento da Fecom\u00e9rcio-SP com dados do IBGE. O ritmo de crescimento foi o segundo maior do pa\u00eds \u2013 atr\u00e1s apenas do Esp\u00edrito Santo (12%). O estado tem se tornado especialmente atrativo para os estrangeiros, cujo volume cresceu 66% no primeiro semestre de 2025, na compara\u00e7\u00e3o com 2024, de acordo com a Embratur.<\/span><\/p>\n<p><span style=\"font-weight: 400;\">Atualmente, a Harus conta com cinco distribuidoras no Nordeste \u2013 Fortaleza (CE), S\u00e3o Lu\u00eds (MA), Porto Seguro (BA), Recife (PE) e Parnamirim (RN) \u2013, al\u00e9m de unidades em Franca (SP), onde a f\u00e1brica est\u00e1 localizada, Bras\u00edlia (DF), Caldas Novas (GO) e Macei\u00f3 (AL). A empresa tem ainda um centro de distribui\u00e7\u00e3o em Macei\u00f3 (AL) e outro no Paraguai.<\/span><\/p>\n<p><b>Sobre a\u00a0<\/b><b>harus<\/b><\/p>\n<p><span style=\"font-weight: 400;\">A\u00a0<\/span><span style=\"font-weight: 400;\">harus<\/span><span style=\"font-weight: 400;\">, marca l\u00edder no mercado brasileiro de amenities, est\u00e1 presente em todos os segmentos da hospitalidade com sua linha diversificada de produtos personalizados e de marcas pr\u00f3prias, entre elas a Alma Brasil. A moderna f\u00e1brica, instalada na cidade de Franca (SP), tem capacidade para produzir sabonetes, shampoos, hidratantes, \u00f3leos corporais e mais uma infinidade de itens. Do design da embalagem at\u00e9 o produto final, a empresa desenvolve formula\u00e7\u00f5es exclusivas para marcas \u00edcones nacionais e internacionais, entre elas O Botic\u00e1rio, Vinotage (Grupo Fam\u00edlia Valduga), L\u2019Occitane, <\/span><span style=\"font-weight: 400;\">Jacques Janine,<\/span><span style=\"font-weight: 400;\"> Costa Brasil, Turma da Lilica e Natura.<\/span><\/p>\n<p><span style=\"font-weight: 400;\">Em mais de 28 anos de trajet\u00f3ria, a companhia tem ampliado seus neg\u00f3cios. Lan\u00e7ou o processo Harus HQS (Higiene, Qualidade e Seguran\u00e7a), que oferece saneantes sustent\u00e1veis e um protocolo completo na \u00e1rea. Al\u00e9m disso, fornece itens para os setores de alimenta\u00e7\u00e3o e hoteleiro, atrav\u00e9s de marcas parceiras. A\u00a0<\/span><span style=\"font-weight: 400;\">harus<\/span><span style=\"font-weight: 400;\">\u00a0Food Service apresenta diversificada gama de produtos, dentre eles as linhas da <\/span><span style=\"font-weight: 400;\">Junior Alimentos, Homemade, \u00cdsis, Vigor, Bauducco, Le Petit, Low\u00e7ucar, Caravelas, Cep\u00eara, Flormel, Pr\u00e9sident e Billa.<\/span><\/p>\n<p><b>M\u00e1s informaci\u00f3n<\/b><span style=\"font-weight: 400;\">: <\/span><span style=\"font-weight: 400;\">\u00a0<\/span><a href=\"http:\/\/www.harus.inb.br\" target=\"_blank\" rel=\"noopener\"><span style=\"font-weight: 400;\">www.harus.ind.br<\/span><\/a><span style=\"font-weight: 400;\"> | @harusoficial<\/span> <span style=\"font-weight: 400;\">(<\/span><a href=\"https:\/\/www.facebook.com\/harushospitalidade\" target=\"_blank\" rel=\"noopener\"><span style=\"font-weight: 400;\">Facebook<\/span><\/a><span style=\"font-weight: 400;\">, <\/span><a href=\"https:\/\/www.instagram.com\/harushospitalidade\/\" target=\"_blank\" rel=\"noopener\"><span style=\"font-weight: 400;\">Instagram<\/span><\/a><span style=\"font-weight: 400;\"> y <\/span><a href=\"https:\/\/www.linkedin.com\/company\/harus-hospitalidade\" target=\"_blank\" rel=\"noopener\"><span style=\"font-weight: 400;\">LinkedIn<\/span><\/a><span style=\"font-weight: 400;\">)\u00a0<\/span><\/p>\n<p><b>Informaci\u00f3n de prensa<\/b><\/p>\n<p><span style=\"font-weight: 400;\">Comunicaci\u00f3n 2PRO<\/span><\/p>\n<p><span style=\"font-weight: 400;\">Giuliana Vallone \u2013 <\/span><a href=\"mailto:giuliana.vallone@2pro.com.br\"><span style=\"font-weight: 400;\">giuliana.vallone@2pro.com.br<\/span><span style=\"font-weight: 400;\"><br \/>\n<\/span><\/a><span style=\"font-weight: 400;\">Flavia Kurotori \u2013 <\/span><a href=\"mailto:flavia.kurotori@2pro.com.br\"><span style=\"font-weight: 400;\">flavia.kurotori@2pro.com.br<\/span><span style=\"font-weight: 400;\"><br \/>\n<\/span><\/a><span style=\"font-weight: 400;\">(11) 97396-6613 | (11) 97672-9933<\/span><\/p>","protected":false},"excerpt":{"rendered":"<p>Nova instala\u00e7\u00e3o proporciona ainda mais agilidade e efici\u00eancia no fornecimento de amenities \u00e0 hospitalidade S\u00e3o Paulo, setembro de 2025 \u2013 A Harus, multinacional de origem brasileira l\u00edder no mercado de amenities, inaugura neste m\u00eas sua 10\u00aa distribuidora. Localizada em S\u00e3o Jos\u00e9 (SC), a nova instala\u00e7\u00e3o \u2013 a primeira na regi\u00e3o Sul \u2013 proporcionar\u00e1 ainda mais [&hellip;]<\/p>\n","protected":false},"author":1,"featured_media":0,"comment_status":"closed","ping_status":"open","sticky":false,"template":"","format":"standard","meta":{"site-sidebar-layout":"default","site-content-layout":"","ast-site-content-layout":"default","site-content-style":"default","site-sidebar-style":"default","ast-global-header-display":"","ast-banner-title-visibility":"","ast-main-header-display":"","ast-hfb-above-header-display":"","ast-hfb-below-header-display":"","ast-hfb-mobile-header-display":"","site-post-title":"","ast-breadcrumbs-content":"","ast-featured-img":"","footer-sml-layout":"","ast-disable-related-posts":"","theme-transparent-header-meta":"default","adv-header-id-meta":"","stick-header-meta":"","header-above-stick-meta":"","header-main-stick-meta":"","header-below-stick-meta":"","astra-migrate-meta-layouts":"set","ast-page-background-enabled":"default","ast-page-background-meta":{"desktop":{"background-color":"","background-image":"","background-repeat":"repeat","background-position":"center center","background-size":"auto","background-attachment":"scroll","background-type":"","background-media":"","overlay-type":"","overlay-color":"","overlay-opacity":"","overlay-gradient":""},"tablet":{"background-color":"","background-image":"","background-repeat":"repeat","background-position":"center center","background-size":"auto","background-attachment":"scroll","background-type":"","background-media":"","overlay-type":"","overlay-color":"","overlay-opacity":"","overlay-gradient":""},"mobile":{"background-color":"","background-image":"","background-repeat":"repeat","background-position":"center center","background-size":"auto","background-attachment":"scroll","background-type":"","background-media":"","overlay-type":"","overlay-color":"","overlay-opacity":"","overlay-gradient":""}},"ast-content-background-meta":{"desktop":{"background-color":"var(--ast-global-color-5)","background-image":"","background-repeat":"repeat","background-position":"center center","background-size":"auto","background-attachment":"scroll","background-type":"","background-media":"","overlay-type":"","overlay-color":"","overlay-opacity":"","overlay-gradient":""},"tablet":{"background-color":"var(--ast-global-color-5)","background-image":"","background-repeat":"repeat","background-position":"center center","background-size":"auto","background-attachment":"scroll","background-type":"","background-media":"","overlay-type":"","overlay-color":"","overlay-opacity":"","overlay-gradient":""},"mobile":{"background-color":"var(--ast-global-color-5)","background-image":"","background-repeat":"repeat","background-position":"center center","background-size":"auto","background-attachment":"scroll","background-type":"","background-media":"","overlay-type":"","overlay-color":"","overlay-opacity":"","overlay-gradient":""}},"_joinchat":[],"footnotes":""},"categories":[310],"tags":[],"class_list":["post-31539","post","type-post","status-publish","format-standard","hentry","category-press-releases"],"_links":{"self":[{"href":"https:\/\/harus.ind.br\/es\/wp-json\/wp\/v2\/posts\/31539","targetHints":{"allow":["GET"]}}],"collection":[{"href":"https:\/\/harus.ind.br\/es\/wp-json\/wp\/v2\/posts"}],"about":[{"href":"https:\/\/harus.ind.br\/es\/wp-json\/wp\/v2\/types\/post"}],"author":[{"embeddable":true,"href":"https:\/\/harus.ind.br\/es\/wp-json\/wp\/v2\/users\/1"}],"replies":[{"embeddable":true,"href":"https:\/\/harus.ind.br\/es\/wp-json\/wp\/v2\/comments?post=31539"}],"version-history":[{"count":2,"href":"https:\/\/harus.ind.br\/es\/wp-json\/wp\/v2\/posts\/31539\/revisions"}],"predecessor-version":[{"id":31543,"href":"https:\/\/harus.ind.br\/es\/wp-json\/wp\/v2\/posts\/31539\/revisions\/31543"}],"wp:attachment":[{"href":"https:\/\/harus.ind.br\/es\/wp-json\/wp\/v2\/media?parent=31539"}],"wp:term":[{"taxonomy":"category","embeddable":true,"href":"https:\/\/harus.ind.br\/es\/wp-json\/wp\/v2\/categories?post=31539"},{"taxonomy":"post_tag","embeddable":true,"href":"https:\/\/harus.ind.br\/es\/wp-json\/wp\/v2\/tags?post=31539"}],"curies":[{"name":"wp","href":"https:\/\/api.w.org\/{rel}","templated":true}]}}