{"id":31671,"date":"2025-10-23T23:29:55","date_gmt":"2025-10-23T23:29:55","guid":{"rendered":"https:\/\/harus.ind.br\/?p=31671"},"modified":"2025-10-23T23:29:55","modified_gmt":"2025-10-23T23:29:55","slug":"harus-abih-sc-e-ariadne-silva-promovem-evento-sobre-governanca-hoteleira-em-novembro","status":"publish","type":"post","link":"https:\/\/harus.ind.br\/es\/harus-abih-sc-e-ariadne-silva-promovem-evento-sobre-governanca-hoteleira-em-novembro\/","title":{"rendered":"Harus, ABIH-SC e Ariadne Silva promovem evento sobre governan\u00e7a hoteleira em novembro"},"content":{"rendered":"<p style=\"text-align: center;\"><i><span style=\"font-weight: 400;\">Primeira edi\u00e7\u00e3o do encontro em Santa Catarina tem o objetivo de atualizar profissionais do segmento<\/span><\/i><\/p>\n<figure id=\"attachment_31672\" aria-describedby=\"caption-attachment-31672\" style=\"width: 512px\" class=\"wp-caption aligncenter\"><img fetchpriority=\"high\" decoding=\"async\" class=\"wp-image-31672 size-full\" src=\"https:\/\/harus.ind.br\/wp-content\/uploads\/2025\/10\/unnamed.jpg\" alt=\"\" width=\"512\" height=\"341\" srcset=\"https:\/\/harus.ind.br\/wp-content\/uploads\/2025\/10\/unnamed.jpg 512w, https:\/\/harus.ind.br\/wp-content\/uploads\/2025\/10\/unnamed-300x200.jpg 300w, https:\/\/harus.ind.br\/wp-content\/uploads\/2025\/10\/unnamed-18x12.jpg 18w, https:\/\/harus.ind.br\/wp-content\/uploads\/2025\/10\/unnamed-200x133.jpg 200w\" sizes=\"(max-width: 512px) 100vw, 512px\" \/><figcaption id=\"caption-attachment-31672\" class=\"wp-caption-text\">Acordo foi firmado durante a Equipotel 2025; na foto, Tha\u00eds Faccin, da Harus (esq.), Josiane Castilhos, Juliana Bossi Castro, ambas da ABIH-SC, Luiz Roberto Magrin Filho, da Harus, e Ariadne Silva<\/figcaption><\/figure>\n<p><b>S\u00e3o Paulo, setembro de 2025 \u2013<\/b><span style=\"font-weight: 400;\"> A <\/span><b>harus<\/b><span style=\"font-weight: 400;\">, multinacional de origem brasileira l\u00edder no mercado de amenities, a ABIH-SC (Associa\u00e7\u00e3o Brasileira da Ind\u00fastria de Hot\u00e9is de Santa Catarina) e Ariadne Silva, especialista em hospitalidade e governan\u00e7a, promovem a primeira edi\u00e7\u00e3o do Encontro Catarinense de Governan\u00e7a Hoteleira. O evento ser\u00e1 em 19 de novembro, no Cost\u00e3o do Santinho, em Florian\u00f3polis.<\/span><\/p>\n<p><span style=\"font-weight: 400;\">O objetivo \u00e9 atualizar camareiras e governantas sobre as principais tend\u00eancias na presta\u00e7\u00e3o de servi\u00e7os e no atendimento aos h\u00f3spedes. O acordo foi firmado ap\u00f3s o sucesso do Talks de Hospitalidade, audit\u00f3rio com conte\u00fados sobre o tema, com curadoria de Ariadne Silva e localizado no estande da Harus na Equipotel 2025.<\/span><\/p>\n<p><span style=\"font-weight: 400;\">\u201cO turismo em Santa Catarina est\u00e1 em alta e isso impacta diretamente a hotelaria de todo o estado. Uma das miss\u00f5es da Harus \u00e9 apoiar o setor da hospitalidade em v\u00e1rias frentes para que possa continuar em ascens\u00e3o, oferecendo servi\u00e7os e atendimento de excel\u00eancia. Esse evento ser\u00e1 uma oportunidade para os profissionais se atualizarem sobre as tend\u00eancias e as novas demandas do segmento\u201d, afirma Luiz Roberto Magrin Filho, diretor-geral da Harus.<\/span><\/p>\n<p><span style=\"font-weight: 400;\">Juliana Bossi Castro, gerente executiva da ABIH-SC, destaca que os eventos de capacita\u00e7\u00e3o s\u00e3o fundamentais para garantir que a opera\u00e7\u00e3o hoteleira continue competitiva, eficiente e orientada pela excel\u00eancia no atendimento ao cliente.\u00a0<\/span><\/p>\n<p><span style=\"font-weight: 400;\">\u201cAl\u00e9m de aprimorar a qualidade dos servi\u00e7os prestados, tais iniciativas contribuem para o fortalecimento e o desenvolvimento cont\u00ednuo dos profissionais do setor, resultando em opera\u00e7\u00f5es mais s\u00f3lidas, bem-sucedidas e sustent\u00e1veis a longo prazo. Com este prop\u00f3sito, o Encontro Catarinense de Governan\u00e7a Hoteleira \u00e9 uma a\u00e7\u00e3o estrat\u00e9gica para somar esfor\u00e7os \u00e0s atividades desenvolvidas pela ABIH-SC\u201d, completa Castro.<\/span><\/p>\n<p><span style=\"font-weight: 400;\">O an\u00fancio oficial do Encontro Catarinense de Governan\u00e7a Hoteleira, com mais detalhes sobre a realiza\u00e7\u00e3o, ser\u00e1 na pr\u00f3xima semana.<\/span><\/p>\n<p><b>Sobre a\u00a0<\/b><b>harus<\/b><\/p>\n<p><span style=\"font-weight: 400;\">A\u00a0<\/span><span style=\"font-weight: 400;\">harus<\/span><span style=\"font-weight: 400;\">, marca l\u00edder no mercado brasileiro de amenities, est\u00e1 presente em todos os segmentos da hospitalidade com sua linha diversificada de produtos personalizados e de marcas pr\u00f3prias, entre elas a Alma Brasil. A moderna f\u00e1brica, instalada na cidade de Franca (SP), tem capacidade para produzir sabonetes, shampoos, hidratantes, \u00f3leos corporais e mais uma infinidade de itens. Do design da embalagem at\u00e9 o produto final, a empresa desenvolve formula\u00e7\u00f5es exclusivas para marcas \u00edcones nacionais e internacionais, entre elas O Botic\u00e1rio, Vinotage (Grupo Fam\u00edlia Valduga), L\u2019Occitane, <\/span><span style=\"font-weight: 400;\">Jacques Janine,<\/span><span style=\"font-weight: 400;\"> Costa Brasil, Turma da Lilica e Natura.<\/span><\/p>\n<p><span style=\"font-weight: 400;\">Em mais de 28 anos de trajet\u00f3ria, a companhia tem ampliado seus neg\u00f3cios. Lan\u00e7ou o processo Harus HQS (Higiene, Qualidade e Seguran\u00e7a), que oferece saneantes sustent\u00e1veis e um protocolo completo na \u00e1rea. Al\u00e9m disso, fornece itens para os setores de alimenta\u00e7\u00e3o e hoteleiro, atrav\u00e9s de marcas parceiras. A\u00a0<\/span><span style=\"font-weight: 400;\">harus<\/span><span style=\"font-weight: 400;\">\u00a0Food Service apresenta diversificada gama de produtos, dentre eles as linhas da <\/span><span style=\"font-weight: 400;\">Junior Alimentos, Homemade, \u00cdsis, Vigor, Bauducco, Le Petit, Low\u00e7ucar, Caravelas, Cep\u00eara, Flormel, Pr\u00e9sident e Billa.<\/span><\/p>\n<p><b>M\u00e1s informaci\u00f3n<\/b><span style=\"font-weight: 400;\">: <\/span><span style=\"font-weight: 400;\">\u00a0<\/span><a href=\"http:\/\/www.harus.inb.br\" target=\"_blank\" rel=\"noopener\"><span style=\"font-weight: 400;\">www.harus.ind.br<\/span><\/a><span style=\"font-weight: 400;\"> | @harusoficial<\/span> <span style=\"font-weight: 400;\">(<\/span><a href=\"https:\/\/www.facebook.com\/harushospitalidade\" target=\"_blank\" rel=\"noopener\"><span style=\"font-weight: 400;\">Facebook<\/span><\/a><span style=\"font-weight: 400;\">, <\/span><a href=\"https:\/\/www.instagram.com\/harushospitalidade\/\" target=\"_blank\" rel=\"noopener\"><span style=\"font-weight: 400;\">Instagram<\/span><\/a><span style=\"font-weight: 400;\"> y <\/span><a href=\"https:\/\/www.linkedin.com\/company\/harus-hospitalidade\" target=\"_blank\" rel=\"noopener\"><span style=\"font-weight: 400;\">LinkedIn<\/span><\/a><span style=\"font-weight: 400;\">)\u00a0<\/span><\/p>\n<p><b>Informaci\u00f3n de prensa<\/b><\/p>\n<p><span style=\"font-weight: 400;\">Comunicaci\u00f3n 2PRO<\/span><\/p>\n<p><span style=\"font-weight: 400;\">Giuliana Vallone \u2013 <\/span><a href=\"mailto:giuliana.vallone@2pro.com.br\"><span style=\"font-weight: 400;\">giuliana.vallone@2pro.com.br<\/span><span style=\"font-weight: 400;\"><br \/>\n<\/span><\/a><span style=\"font-weight: 400;\">Flavia Kurotori \u2013 <\/span><a href=\"mailto:flavia.kurotori@2pro.com.br\"><span style=\"font-weight: 400;\">flavia.kurotori@2pro.com.br<\/span><span style=\"font-weight: 400;\"><br \/>\n<\/span><\/a><span style=\"font-weight: 400;\">(11) 97396-6613 | (11) 97672-9933<\/span><\/p>","protected":false},"excerpt":{"rendered":"<p>Primeira edi\u00e7\u00e3o do encontro em Santa Catarina tem o objetivo de atualizar profissionais do segmento S\u00e3o Paulo, setembro de 2025 \u2013 A Harus, multinacional de origem brasileira l\u00edder no mercado de amenities, a ABIH-SC (Associa\u00e7\u00e3o Brasileira da Ind\u00fastria de Hot\u00e9is de Santa Catarina) e Ariadne Silva, especialista em hospitalidade e governan\u00e7a, promovem a primeira edi\u00e7\u00e3o [&hellip;]<\/p>\n","protected":false},"author":1,"featured_media":0,"comment_status":"closed","ping_status":"open","sticky":false,"template":"","format":"standard","meta":{"site-sidebar-layout":"default","site-content-layout":"","ast-site-content-layout":"default","site-content-style":"default","site-sidebar-style":"default","ast-global-header-display":"","ast-banner-title-visibility":"","ast-main-header-display":"","ast-hfb-above-header-display":"","ast-hfb-below-header-display":"","ast-hfb-mobile-header-display":"","site-post-title":"","ast-breadcrumbs-content":"","ast-featured-img":"","footer-sml-layout":"","ast-disable-related-posts":"","theme-transparent-header-meta":"default","adv-header-id-meta":"","stick-header-meta":"","header-above-stick-meta":"","header-main-stick-meta":"","header-below-stick-meta":"","astra-migrate-meta-layouts":"set","ast-page-background-enabled":"default","ast-page-background-meta":{"desktop":{"background-color":"","background-image":"","background-repeat":"repeat","background-position":"center center","background-size":"auto","background-attachment":"scroll","background-type":"","background-media":"","overlay-type":"","overlay-color":"","overlay-opacity":"","overlay-gradient":""},"tablet":{"background-color":"","background-image":"","background-repeat":"repeat","background-position":"center center","background-size":"auto","background-attachment":"scroll","background-type":"","background-media":"","overlay-type":"","overlay-color":"","overlay-opacity":"","overlay-gradient":""},"mobile":{"background-color":"","background-image":"","background-repeat":"repeat","background-position":"center center","background-size":"auto","background-attachment":"scroll","background-type":"","background-media":"","overlay-type":"","overlay-color":"","overlay-opacity":"","overlay-gradient":""}},"ast-content-background-meta":{"desktop":{"background-color":"var(--ast-global-color-5)","background-image":"","background-repeat":"repeat","background-position":"center center","background-size":"auto","background-attachment":"scroll","background-type":"","background-media":"","overlay-type":"","overlay-color":"","overlay-opacity":"","overlay-gradient":""},"tablet":{"background-color":"var(--ast-global-color-5)","background-image":"","background-repeat":"repeat","background-position":"center center","background-size":"auto","background-attachment":"scroll","background-type":"","background-media":"","overlay-type":"","overlay-color":"","overlay-opacity":"","overlay-gradient":""},"mobile":{"background-color":"var(--ast-global-color-5)","background-image":"","background-repeat":"repeat","background-position":"center center","background-size":"auto","background-attachment":"scroll","background-type":"","background-media":"","overlay-type":"","overlay-color":"","overlay-opacity":"","overlay-gradient":""}},"_joinchat":[],"footnotes":""},"categories":[310],"tags":[],"class_list":["post-31671","post","type-post","status-publish","format-standard","hentry","category-press-releases"],"_links":{"self":[{"href":"https:\/\/harus.ind.br\/es\/wp-json\/wp\/v2\/posts\/31671","targetHints":{"allow":["GET"]}}],"collection":[{"href":"https:\/\/harus.ind.br\/es\/wp-json\/wp\/v2\/posts"}],"about":[{"href":"https:\/\/harus.ind.br\/es\/wp-json\/wp\/v2\/types\/post"}],"author":[{"embeddable":true,"href":"https:\/\/harus.ind.br\/es\/wp-json\/wp\/v2\/users\/1"}],"replies":[{"embeddable":true,"href":"https:\/\/harus.ind.br\/es\/wp-json\/wp\/v2\/comments?post=31671"}],"version-history":[{"count":1,"href":"https:\/\/harus.ind.br\/es\/wp-json\/wp\/v2\/posts\/31671\/revisions"}],"predecessor-version":[{"id":31673,"href":"https:\/\/harus.ind.br\/es\/wp-json\/wp\/v2\/posts\/31671\/revisions\/31673"}],"wp:attachment":[{"href":"https:\/\/harus.ind.br\/es\/wp-json\/wp\/v2\/media?parent=31671"}],"wp:term":[{"taxonomy":"category","embeddable":true,"href":"https:\/\/harus.ind.br\/es\/wp-json\/wp\/v2\/categories?post=31671"},{"taxonomy":"post_tag","embeddable":true,"href":"https:\/\/harus.ind.br\/es\/wp-json\/wp\/v2\/tags?post=31671"}],"curies":[{"name":"wp","href":"https:\/\/api.w.org\/{rel}","templated":true}]}}